{"id":1920,"date":"2023-08-02T12:07:27","date_gmt":"2023-08-02T12:07:27","guid":{"rendered":"https:\/\/www.spartantrail.com\/?p=1920"},"modified":"2023-08-02T12:07:27","modified_gmt":"2023-08-02T12:07:27","slug":"fjallmaraton-100k-the-fifth-stop-of-the-spartan-trail-world-championship-in-the-heart-of-the-swedish-fjords","status":"publish","type":"post","link":"https:\/\/www.spartantrail.com\/es\/fjallmaraton\/fjallmaraton-100k-the-fifth-stop-of-the-spartan-trail-world-championship-in-the-heart-of-the-swedish-fjords\/","title":{"rendered":"Fj\u00e4llmaraton 100k, the fifth stop of the Spartan Trail World Championship in the heart of the Swedish fjords"},"content":{"rendered":"<div>\n<p><span style=\"font-weight: 400;\">The competitive calendar of the <\/span><a href=\"https:\/\/www.spartantrail.com\/world-championship-2023\/\"><b>Spartan Trail World Championship<\/b><\/a><span style=\"font-weight: 400;\"> (STWC), in its fifth stop, is moving to <\/span><b>\u00c5re, in the central region of Sweden<\/b><span style=\"font-weight: 400;\">. The charming mountain village with just over 12,000 inhabitants is the home of <\/span><a href=\"https:\/\/www.spartantrail.com\/es\/fjallmaraton\/\"><b>Kia Fj\u00e4llmaraton<\/b><\/a><span style=\"font-weight: 400;\">, which vibrates with its natural beauty, its traditional architecture and its vast history being the land where the <\/span><b>Vikings lived, owners of these latitudes for almost 400 years<\/b><span style=\"font-weight: 400;\">.<\/span><\/p>\n<p><b>Therefore, between July 29th and August 5th, the most important race in that area of \u200b\u200bEurope begins the countdown<\/b><span style=\"font-weight: 400;\"> to celebrate its eight distances (half marathon, Vertical Kilometer, 8k, 2x 12k, 27k, 45k and 100k) that make up this classic trail festival in the<\/span><b> Northern Scandinavian fjords<\/b><span style=\"font-weight: 400;\">.<\/span><\/p>\n<p><span style=\"font-weight: 400;\">As part of the <\/span><b>ULTRA championship<\/b><span style=\"font-weight: 400;\"> of the <\/span><b>Spartan Trail World Championship<\/b><span style=\"font-weight: 400;\">, the<\/span><b> 100k <\/b><span style=\"font-weight: 400;\">(it will also award 4 ITRA points) will start next Thursday, August 3rd, where more than 130 trail runners will run 6,200 meters of elevation gain on rugged trails, surrounded by lush forests.<\/span><\/p>\n<p><span style=\"font-weight: 400;\">\u00c5re has become one of the most popular places for nature lovers and outdoor sports. The rich geography that turns into white gold during winter with its ski slopes (for example, the 2019 Alpine Skiing World Championships were held there), the <\/span><b>100k were created in 2020 <\/b><span style=\"font-weight: 400;\">and, since then, they have become more challenging and popular in each edition.<\/span><\/p>\n<p><span style=\"font-weight: 400;\">The <\/span><a href=\"https:\/\/www.spartantrail.com\/es\/fjallmaraton\/\"><b>Kia Fj\u00e4llmaraton<\/b><\/a><span style=\"font-weight: 400;\">, which this year will have<\/span><b> its 19th anniversary<\/b><span style=\"font-weight: 400;\">, hopes to celebrate a real trail-party with the maximum distance that starts at dawn on Thursday, August 3rd.<\/span><\/p>\n<p><span style=\"font-weight: 400;\">To create an even more pleasant atmosphere in the finish area with a lot of public cheering at the runners, the <\/span><b>Ottsj\u00f6 8K festival <\/b><span style=\"font-weight: 400;\">was moved to the afternoon of the same day seeking to unite the two distances in a festival that lasts all day long with<\/span><b> live music and traditional food.<\/b><span style=\"font-weight: 400;\">.<\/span><\/p>\n<\/div>\n<h1><b>Recent History<\/b><\/h1>\n<div>\n<p><a href=\"https:\/\/my.raceresult.com\/213839\/\"><b>In 2022<\/b><\/a><span style=\"font-weight: 400;\">, American runner <\/span><b>Noah Brautigam<\/b><span style=\"font-weight: 400;\"> claimed victory (9h31m24s), followed by<\/span><b> Viktor Stenqvist <\/b><span style=\"font-weight: 400;\">(10h16m35s) and John Lagerskog (10h18m21s). Among the women, <\/span><b>Malin Barrulf <\/b><span style=\"font-weight: 400;\">(11h23m33s), <\/span><b>\u00c5sa Wiklund<\/b><span style=\"font-weight: 400;\"> (12h38m49s), and <\/span><b>Isabella Hedberg<\/b><span style=\"font-weight: 400;\"> (14h48m11s) took the top spots.<\/span><\/p>\n<p><span style=\"font-weight: 400;\">Thus, surrounded by <\/span><b>majestic mountains and lush forests<\/b><span style=\"font-weight: 400;\">, <\/span><b>\u00c5re <\/b><span style=\"font-weight: 400;\">will once again dress up for trail running in a week that will be etched in all participants&#8217; hearts (with over 2000 runners in all distances).<\/span><\/p>\n<\/div>\n<ul>\n<li>\n<p>        <img decoding=\"async\" src=\"\/wp-content\/uploads\/2023\/08\/fjall-post-04.jpg\" alt=\"\"><\/p>\n<\/li>\n<li>\n<p>        <img decoding=\"async\" src=\"\/wp-content\/uploads\/2023\/08\/fjall-post-05.jpg\" alt=\"\"><\/p>\n<\/li>\n<\/ul>\n<h1><b>Runners to follow<\/b><\/h1>\n<div>\n<p><b>The Fj\u00e4llmaraton 100k<\/b><span style=\"font-weight: 400;\"> will have over 130 runners, among whom stand out:<\/span><\/p>\n<p><b>Men:<\/b><\/p>\n<p><b>-Viktor Stenqvist:<\/b><span style=\"font-weight: 400;\"> Winner of Ultravasan 90k in 2022, second at the 2022 Fj\u00e4llmaraton 100k, and third at EcoTrail Stockholm this year.\u00a0<\/span><\/p>\n<p><b>-William Englund:<\/b><span style=\"font-weight: 400;\"> Coming off a DNF at the EcoTrail Stockholm this season, but last year he finished fourth at the Fj\u00e4llmaraton 100k and 16th at Mozart 100.\u00a0<\/span><\/p>\n<p><b>-Daniel Br\u00e4nholm: <\/b><span style=\"font-weight: 400;\">In 2022, he won several races from 40 to 100k in Sweden; in 2021, he was a top 10 finisher at the 100k in Fj\u00e4llmaraton.\u00a0<\/span><\/p>\n<p><b>-Erik Anf\u00e4lt: <\/b><span style=\"font-weight: 400;\">Finished fourth in the 2022 Ultravasan 90k.\u00a0<\/span><\/p>\n<p><b>-Dennis K\u00e4llerteg:<\/b><span style=\"font-weight: 400;\"> This year, he won the 44k Bocksten Trailrun, finished sixth at the 2022 Fj\u00e4llmaraton 100k, and fourth at the 100 miles of Kullamannen.\u00a0<\/span><\/p>\n<p><b>-John Lagerskog: <\/b><span style=\"font-weight: 400;\">In 2022, he finished third in the Fj\u00e4llmaraton 100k and fifth in 2021. This year, his goal is to make it to the podium.\u00a0<\/span><\/p>\n<p><b>Women:<\/b><span style=\"font-weight: 400;\">\u00a0<\/span><\/p>\n<p><b>-Lina El Kott Helander:<\/b><span style=\"font-weight: 400;\"> Even though she hasn\u2019t raced this season, Lina is an avid trail running, Skyrunning, and adventure racing competitor. She represented Sweden in the Short Trail and Uphill World Championships in Thailand 2022, came into the top 10 at the 2022 OCC, and won the vertical kilometer at the 2022 Fj\u00e4llmaraton.\u00a0<\/span><\/p>\n<p><b>-Johanna Bygdell:<\/b><span style=\"font-weight: 400;\"> This year, she won the 130k High Coast Ultra in Sweden, finished second at the 100 miles of Kullamannen in 2022, and was part of the Swedish UltraTrail team at the 2018 World Championships in Penyagolosa (16th) and Portugal 2019 (21st).\u00a0<\/span><\/p>\n<p><b>-Matilda Gend: <\/b><span style=\"font-weight: 400;\">Finished fifth at the EcoTrail Stockholm 2023 and second at the 2022 Kullamannen in 50k.<\/span><\/p>\n<p><b>Race Tracking:<\/b><\/p>\n<p><span style=\"font-weight: 400;\">Each and every distance, with special emphasis on the 45k and 100k races, can be followed through Fj\u00e4llmaraton&#8217;s social media channels:<\/span> <a href=\"https:\/\/fjallmaraton.se\/fjallmaratonveckan\/\"><b>Fj\u00e4llmaraton<\/b><\/a><span style=\"font-weight: 400;\">:<\/span><a href=\"https:\/\/www.instagram.com\/fjallmaraton\/\"> <b>Instagram<\/b><\/a><span style=\"font-weight: 400;\">, <\/span><a href=\"https:\/\/www.facebook.com\/fjallmaraton\/\"><b>Facebook<\/b><\/a><span style=\"font-weight: 400;\"> and the official race tracker.<\/span><\/p>\n<\/div>\n<ul>\n<li>\n<p>        <img decoding=\"async\" src=\"\/wp-content\/uploads\/2023\/08\/fjall-post-02.jpg\" alt=\"\"><\/p>\n<\/li>\n<li>\n<p>        <img decoding=\"async\" src=\"\/wp-content\/uploads\/2023\/08\/fjall-post-03.jpg\" alt=\"\"><\/p>\n<\/li>\n<\/ul>\n<h1><b>Spartan Trail World Championship<\/b><\/h1>\n<div>\n<p><span style=\"font-weight: 400;\">The <\/span><a href=\"https:\/\/www.spartantrail.com\/world-championship-2023\/\"><b>Spartan Trail World Championship<\/b><\/a><span style=\"font-weight: 400;\"> (STWC)is a global championship with multiple stops around the world. Each race in the World Championship has multiple distances, with two selected to score in the final STWC Ranking in their respective categories.<\/span><\/p>\n<\/p>\n<p><span style=\"font-weight: 400;\">The <\/span><b>STWC<\/b><span style=\"font-weight: 400;\"> features two simultaneous championships, each with a corresponding distance and events; an <\/span><b>ULTRA championship<\/b><span style=\"font-weight: 400;\"> (distances of 50 kilometers or more) and a <\/span><b>TRAIL championship<\/b><span style=\"font-weight: 400;\"> (distances up to 49 kilometers).<\/span><\/p>\n<p><b>The 2023 season started in February with the successful Transgrancanaria<\/b><span style=\"font-weight: 400;\">, followed by the highly popular <\/span><b>Patagonia Run in the Southern Cone<\/b><span style=\"font-weight: 400;\">, and continued with <\/span><b>Maxi-Race Annecy<\/b><span style=\"font-weight: 400;\"> in the heart of the <\/span><b>Alps<\/b><span style=\"font-weight: 400;\">. It also recently took place in the lush tropical rainforest of <\/span><b>Brisbane Trail Ultra<\/b><span style=\"font-weight: 400;\">.<\/span><\/p>\n<p><span style=\"font-weight: 400;\">Now, in the heart of European summer, the <\/span><b>Spartan Trail World Championship<\/b><span style=\"font-weight: 400;\"> moves to Sweden, a land with a rich history closely tied to nature. <\/span><a href=\"https:\/\/www.spartantrail.com\/es\/fjallmaraton\/\"><b>Kia Fj\u00e4llmaraton \u00c5refj\u00e4llen<\/b><\/a><span style=\"font-weight: 400;\">, Sweden&#8217;s most prestigious mountain race, offers the chance to be part of <\/span><b>STWC 2023<\/b><span style=\"font-weight: 400;\"> with the <\/span><a href=\"https:\/\/fjallmaraton.se\/fjallmaratonveckan\/fjallmaraton\/\"><b>Kia Fj\u00e4llmaraton 45K<\/b><\/a><span style=\"font-weight: 400;\">for the <\/span><b>TRAIL<\/b><span style=\"font-weight: 400;\"> category and the <\/span><a href=\"https:\/\/fjallmaraton.se\/fjallmaratonveckan\/fjallmaraton-100k\/\"><b>100k<\/b><\/a> <span style=\"font-weight: 400;\">for the <\/span><b>ULTRA<\/b><span style=\"font-weight: 400;\"> category.<\/span><\/p>\n<p><b>The 2023 season will have 9 events worldwide<\/b><span style=\"font-weight: 400;\">, offering points for the final ranking of the Championship. Each event will have a valid distance for the <\/span><b>ULTRA <\/b><span style=\"font-weight: 400;\">championship and another for the<\/span> <span style=\"font-weight: 400;\">TRAIL championship. The events included are <\/span><b>Transgrancanaria<\/b><span style=\"font-weight: 400;\">, <\/span><b>Patagonia Run<\/b><span style=\"font-weight: 400;\">, <\/span><b>Maxi-Race Annecy<\/b><span style=\"font-weight: 400;\">, <\/span><b>Brisbane Trail Ultra<\/b><span style=\"font-weight: 400;\">,<\/span><b> Fj\u00e4llmaraton<\/b><span style=\"font-weight: 400;\">, <\/span><b>Salomon Ultra Pirineu<\/b><span style=\"font-weight: 400;\">, <\/span><b>Borneo Trail Classic<\/b><span style=\"font-weight: 400;\">, <\/span><b>Shinshiro Trail Classic<\/b><span style=\"font-weight: 400;\"> and <\/span><b>Golden Gate Trail Classic<\/b><span style=\"font-weight: 400;\">.<\/span><\/p>\n<p><span style=\"font-weight: 400;\">The <\/span><b>STWC will have cash prizes for the overall rankings<\/b><span style=\"font-weight: 400;\"> in both the male and female categories.<\/span><\/p>\n<\/div>\n<h2>LATEST ARTICLES<\/h2>\n<ul>\n<li>\n<\/li>\n<li>\n<\/li>\n<li>\n<\/li>\n<li>\n<\/li>\n<\/ul>\n<h2>LATEST PRESS RELEASES<\/h2>\n<ul>\n<li>\n<\/li>\n<li>\n<\/li>\n<li>\n<\/li>\n<li>\n<\/li>\n<\/ul>\n<h2>JOIN OUR STRAVA CLUB!<\/h2>\n<div>\n<div class=\"uk-visible@m\"><iframe allowtransparency frameborder='0' height='454' scrolling='no' src='https:\/\/www.strava.com\/clubs\/594160\/latest-rides\/89ecdc84d12e0d87403c049c9ebd0d5bc1eb0b69?show_rides=true' width='300'><\/iframe><\/div>\n<\/div>\n<h3>Follow us on Social<\/h3>\n<ul>\n<li><a href=\"https:\/\/sprtn.ar\/ig\">social<\/a>\n<\/li>\n<li><a href=\"https:\/\/sprtn.ar\/fb\">social<\/a>\n<\/li>\n<li><a href=\"https:\/\/sprtn.ar\/tw\">social<\/a>\n<\/li>\n<li><a href=\"https:\/\/sprtn.ar\/yt\">social<\/a>\n<\/li>\n<\/ul>\n<p><!--more--><br \/>\n<!-- {\"name\":\"[POST] Press Release Layout V1\",\"type\":\"layout\",\"children\":[{\"type\":\"section\",\"props\":{\"style\":\"primary\",\"width\":\"large\",\"vertical_align\":\"middle\",\"title_position\":\"top-left\",\"title_rotation\":\"left\",\"title_breakpoint\":\"xl\",\"image_position\":\"center-center\",\"css\":\".el-section {\\n    background-color: #ffffff;\\n}\"},\"children\":[{\"type\":\"row\",\"props\":{\"layout\":\"2-3,1-3\",\"divider\":true,\"column_gap\":\"large\"},\"children\":[{\"type\":\"column\",\"props\":{\"image_position\":\"center-center\",\"media_overlay_gradient\":\"\",\"width_medium\":\"2-3\",\"position_sticky_breakpoint\":\"m\"},\"children\":[{\"type\":\"headline\",\"props\":{\"title_element\":\"h1\",\"title_color\":\"primary\",\"title_font_family\":\"primary\",\"css\":\"@media screen and (max-width: 640px) {\\n  .el-element {\\n    font-size: 4.5vw; \\n  }\\n}\\n@media screen and (min-width: 641px) {\\n  .el-element {\\n    font-size: 4.8vw;\\n  }\\n}\\n@media screen and (min-width: 960px) {\\n  .el-element {\\n    font-size: 1.5vw;\\n  }\\n}\\n@media screen and (min-width: 1200px) {\\n  .el-element {\\n    font-size: 2vw;\\n  }\\n}\"},\"source\":{\"query\":{\"name\":\"posts.singlePost\"},\"props\":{\"content\":{\"filters\":{\"search\":\"\"},\"name\":\"title\"}}}},{\"type\":\"text\",\"props\":{\"margin\":\"default\",\"column_breakpoint\":\"m\",\"text_style\":\"meta\"},\"source\":{\"query\":{\"name\":\"posts.singlePost\"},\"props\":{\"content\":{\"filters\":{\"search\":\"\"},\"arguments\":{\"format\":\"sentence\",\"separator\":\"|\",\"link_style\":\"\",\"show_publish_date\":true,\"show_author\":true,\"show_comments\":false,\"show_taxonomy\":\"\",\"date_format\":\"\"},\"name\":\"metaString\"}}}},{\"type\":\"image\",\"props\":{\"margin\":\"medium\",\"image_svg_color\":\"emphasis\",\"image_width\":\"940\",\"link\":\"\",\"image_alt\":\"\"},\"source\":{\"query\":{\"name\":\"posts.singlePost\"},\"props\":{\"image\":{\"filters\":{\"search\":\"\"},\"name\":\"featuredImage.url\"}}}},{\"type\":\"text\",\"props\":{\"margin\":\"small\",\"column_breakpoint\":\"m\",\"content\":\"\n\n<p><span style=\\\"font-weight: 400;\\\">The competitive calendar of the <\\\/span><a href=\\\"https:\\\/\\\/www.spartantrail.com\\\/world-championship-2023\\\/\\\"><b>Spartan Trail World Championship<\\\/b><\\\/a><span style=\\\"font-weight: 400;\\\"> (STWC), in its fifth stop, is moving to <\\\/span><b>\\u00c5re, in the central region of Sweden<\\\/b><span style=\\\"font-weight: 400;\\\">. The charming mountain village with just over 12,000 inhabitants is the home of <\\\/span><a href=\\\"https:\\\/\\\/www.spartantrail.com\\\/es\\\/fjallmaraton\\\/\\\"><b>Kia Fj\\u00e4llmaraton<\\\/b><\\\/a><span style=\\\"font-weight: 400;\\\">, which vibrates with its natural beauty, its traditional architecture and its vast history being the land where the <\\\/span><b>Vikings lived, owners of these latitudes for almost 400 years<\\\/b><span style=\\\"font-weight: 400;\\\">.<\\\/span><\\\/p>\\n\n\n<p><b>Therefore, between July 29th and August 5th, the most important race in that area of \\u200b\\u200bEurope begins the countdown<\\\/b><span style=\\\"font-weight: 400;\\\"> to celebrate its eight distances (half marathon, Vertical Kilometer, 8k, 2x 12k, 27k, 45k and 100k) that make up this classic trail festival in the<\\\/span><b> Northern Scandinavian fjords<\\\/b><span style=\\\"font-weight: 400;\\\">.<\\\/span><\\\/p>\\n\n\n<p><span style=\\\"font-weight: 400;\\\">As part of the <\\\/span><b>ULTRA championship<\\\/b><span style=\\\"font-weight: 400;\\\"> of the <\\\/span><b>Spartan Trail World Championship<\\\/b><span style=\\\"font-weight: 400;\\\">, the<\\\/span><b> 100k <\\\/b><span style=\\\"font-weight: 400;\\\">(it will also award 4 ITRA points) will start next Thursday, August 3rd, where more than 130 trail runners will run 6,200 meters of elevation gain on rugged trails, surrounded by lush forests.<\\\/span><\\\/p>\\n\n\n<p><span style=\\\"font-weight: 400;\\\">\\u00c5re has become one of the most popular places for nature lovers and outdoor sports. The rich geography that turns into white gold during winter with its ski slopes (for example, the 2019 Alpine Skiing World Championships were held there), the <\\\/span><b>100k were created in 2020 <\\\/b><span style=\\\"font-weight: 400;\\\">and, since then, they have become more challenging and popular in each edition.<\\\/span><\\\/p>\\n\n\n<p><span style=\\\"font-weight: 400;\\\">The <\\\/span><a href=\\\"https:\\\/\\\/www.spartantrail.com\\\/es\\\/fjallmaraton\\\/\\\"><b>Kia Fj\\u00e4llmaraton<\\\/b><\\\/a><span style=\\\"font-weight: 400;\\\">, which this year will have<\\\/span><b> its 19th anniversary<\\\/b><span style=\\\"font-weight: 400;\\\">, hopes to celebrate a real trail-party with the maximum distance that starts at dawn on Thursday, August 3rd.<\\\/span><\\\/p>\\n\n\n<p><span style=\\\"font-weight: 400;\\\">To create an even more pleasant atmosphere in the finish area with a lot of public cheering at the runners, the <\\\/span><b>Ottsj\\u00f6 8K festival <\\\/b><span style=\\\"font-weight: 400;\\\">was moved to the afternoon of the same day seeking to unite the two distances in a festival that lasts all day long with<\\\/span><b> live music and traditional food.<\\\/b><span style=\\\"font-weight: 400;\\\">.<\\\/span><\\\/p>\"}},{\"type\":\"headline\",\"props\":{\"title_element\":\"h1\",\"title_style\":\"h3\",\"title_color\":\"primary\",\"content\":\"<b>Recent History<\\\/b>\"}},{\"type\":\"text\",\"props\":{\"margin\":\"small\",\"column_breakpoint\":\"m\",\"content\":\"\n\n<p><a href=\\\"https:\\\/\\\/my.raceresult.com\\\/213839\\\/\\\"><b>In 2022<\\\/b><\\\/a><span style=\\\"font-weight: 400;\\\">, American runner <\\\/span><b>Noah Brautigam<\\\/b><span style=\\\"font-weight: 400;\\\"> claimed victory (9h31m24s), followed by<\\\/span><b> Viktor Stenqvist <\\\/b><span style=\\\"font-weight: 400;\\\">(10h16m35s) and John Lagerskog (10h18m21s). Among the women, <\\\/span><b>Malin Barrulf <\\\/b><span style=\\\"font-weight: 400;\\\">(11h23m33s), <\\\/span><b>\\u00c5sa Wiklund<\\\/b><span style=\\\"font-weight: 400;\\\"> (12h38m49s), and <\\\/span><b>Isabella Hedberg<\\\/b><span style=\\\"font-weight: 400;\\\"> (14h48m11s) took the top spots.<\\\/span><\\\/p>\\n\n\n<p><span style=\\\"font-weight: 400;\\\">Thus, surrounded by <\\\/span><b>majestic mountains and lush forests<\\\/b><span style=\\\"font-weight: 400;\\\">, <\\\/span><b>\\u00c5re <\\\/b><span style=\\\"font-weight: 400;\\\">will once again dress up for trail running in a week that will be etched in all participants' hearts (with over 2000 runners in all distances).<\\\/span><\\\/p>\"}},{\"type\":\"gallery\",\"props\":{\"show_title\":true,\"show_meta\":true,\"show_content\":true,\"show_link\":true,\"show_hover_image\":true,\"grid_default\":\"1\",\"grid_medium\":\"2\",\"filter_style\":\"tab\",\"filter_all\":true,\"filter_position\":\"top\",\"filter_align\":\"left\",\"filter_grid_width\":\"auto\",\"filter_grid_breakpoint\":\"m\",\"overlay_mode\":\"cover\",\"overlay_hover\":true,\"overlay_style\":\"overlay-primary\",\"text_color\":\"light\",\"overlay_position\":\"bottom-center\",\"overlay_transition\":\"fade\",\"title_hover_style\":\"reset\",\"title_element\":\"h3\",\"meta_style\":\"meta\",\"meta_align\":\"below-title\",\"meta_element\":\"div\",\"link_text\":\"OPEN\",\"link_style\":\"default\",\"text_align\":\"center\",\"margin\":\"default\",\"item_animation\":true,\"lightbox\":true,\"title_display\":\"lightbox\",\"lightbox_image_orientation\":true,\"content_display\":\"lightbox\",\"overlay_transition_background\":false,\"overlay_link\":true,\"grid_column_align\":true,\"grid_row_align\":true,\"link_fullwidth\":false},\"children\":[{\"type\":\"gallery_item\",\"props\":{\"image\":\"wp-content\\\/uploads\\\/2023\\\/08\\\/fjall-post-04.jpg\"}},{\"type\":\"gallery_item\",\"props\":{\"image\":\"wp-content\\\/uploads\\\/2023\\\/08\\\/fjall-post-05.jpg\"}}]},{\"type\":\"headline\",\"props\":{\"title_element\":\"h1\",\"title_style\":\"h3\",\"title_color\":\"primary\",\"content\":\"<b>Runners to follow<\\\/b>\"}},{\"type\":\"text\",\"props\":{\"margin\":\"small\",\"column_breakpoint\":\"m\",\"content\":\"\n\n<p><b>The Fj\\u00e4llmaraton 100k<\\\/b><span style=\\\"font-weight: 400;\\\"> will have over 130 runners, among whom stand out:<\\\/span><\\\/p>\\n\n\n<p><b>Men:<\\\/b><\\\/p>\\n\n\n<p><b>-Viktor Stenqvist:<\\\/b><span style=\\\"font-weight: 400;\\\"> Winner of Ultravasan 90k in 2022, second at the 2022 Fj\\u00e4llmaraton 100k, and third at EcoTrail Stockholm this year.\\u00a0<\\\/span><\\\/p>\\n\n\n<p><b>-William Englund:<\\\/b><span style=\\\"font-weight: 400;\\\"> Coming off a DNF at the EcoTrail Stockholm this season, but last year he finished fourth at the Fj\\u00e4llmaraton 100k and 16th at Mozart 100.\\u00a0<\\\/span><\\\/p>\\n\n\n<p><b>-Daniel Br\\u00e4nholm: <\\\/b><span style=\\\"font-weight: 400;\\\">In 2022, he won several races from 40 to 100k in Sweden; in 2021, he was a top 10 finisher at the 100k in Fj\\u00e4llmaraton.\\u00a0<\\\/span><\\\/p>\\n\n\n<p><b>-Erik Anf\\u00e4lt: <\\\/b><span style=\\\"font-weight: 400;\\\">Finished fourth in the 2022 Ultravasan 90k.\\u00a0<\\\/span><\\\/p>\\n\n\n<p><b>-Dennis K\\u00e4llerteg:<\\\/b><span style=\\\"font-weight: 400;\\\"> This year, he won the 44k Bocksten Trailrun, finished sixth at the 2022 Fj\\u00e4llmaraton 100k, and fourth at the 100 miles of Kullamannen.\\u00a0<\\\/span><\\\/p>\\n\n\n<p><b>-John Lagerskog: <\\\/b><span style=\\\"font-weight: 400;\\\">In 2022, he finished third in the Fj\\u00e4llmaraton 100k and fifth in 2021. This year, his goal is to make it to the podium.\\u00a0<\\\/span><\\\/p>\\n\n\n<p><b>Women:<\\\/b><span style=\\\"font-weight: 400;\\\">\\u00a0<\\\/span><\\\/p>\\n\n\n<p><b>-Lina El Kott Helander:<\\\/b><span style=\\\"font-weight: 400;\\\"> Even though she hasn\\u2019t raced this season, Lina is an avid trail running, Skyrunning, and adventure racing competitor. She represented Sweden in the Short Trail and Uphill World Championships in Thailand 2022, came into the top 10 at the 2022 OCC, and won the vertical kilometer at the 2022 Fj\\u00e4llmaraton.\\u00a0<\\\/span><\\\/p>\\n\n\n<p><b>-Johanna Bygdell:<\\\/b><span style=\\\"font-weight: 400;\\\"> This year, she won the 130k High Coast Ultra in Sweden, finished second at the 100 miles of Kullamannen in 2022, and was part of the Swedish UltraTrail team at the 2018 World Championships in Penyagolosa (16th) and Portugal 2019 (21st).\\u00a0<\\\/span><\\\/p>\\n\n\n<p><b>-Matilda Gend: <\\\/b><span style=\\\"font-weight: 400;\\\">Finished fifth at the EcoTrail Stockholm 2023 and second at the 2022 Kullamannen in 50k.<\\\/span><\\\/p>\\n\n\n<p><b>Race Tracking:<\\\/b><\\\/p>\\n\n\n<p><span style=\\\"font-weight: 400;\\\">Each and every distance, with special emphasis on the 45k and 100k races, can be followed through Fj\\u00e4llmaraton's social media channels:<\\\/span> <a href=\\\"https:\\\/\\\/fjallmaraton.se\\\/fjallmaratonveckan\\\/\\\"><b>Fj\\u00e4llmaraton<\\\/b><\\\/a><span style=\\\"font-weight: 400;\\\">:<\\\/span><a href=\\\"https:\\\/\\\/www.instagram.com\\\/fjallmaraton\\\/\\\"> <b>Instagram<\\\/b><\\\/a><span style=\\\"font-weight: 400;\\\">, <\\\/span><a href=\\\"https:\\\/\\\/www.facebook.com\\\/fjallmaraton\\\/\\\"><b>Facebook<\\\/b><\\\/a><span style=\\\"font-weight: 400;\\\"> and the official race tracker.<\\\/span><\\\/p>\"}},{\"type\":\"gallery\",\"props\":{\"show_title\":true,\"show_meta\":true,\"show_content\":true,\"show_link\":true,\"show_hover_image\":true,\"grid_default\":\"1\",\"grid_medium\":\"2\",\"filter_style\":\"tab\",\"filter_all\":true,\"filter_position\":\"top\",\"filter_align\":\"left\",\"filter_grid_width\":\"auto\",\"filter_grid_breakpoint\":\"m\",\"overlay_mode\":\"cover\",\"overlay_hover\":true,\"overlay_style\":\"overlay-primary\",\"text_color\":\"light\",\"overlay_position\":\"bottom-center\",\"overlay_transition\":\"fade\",\"title_hover_style\":\"reset\",\"title_element\":\"h3\",\"meta_style\":\"meta\",\"meta_align\":\"below-title\",\"meta_element\":\"div\",\"link_text\":\"OPEN\",\"link_style\":\"default\",\"text_align\":\"center\",\"margin\":\"default\",\"item_animation\":true,\"lightbox\":true,\"title_display\":\"lightbox\",\"lightbox_image_orientation\":true,\"content_display\":\"lightbox\",\"overlay_transition_background\":false,\"overlay_link\":true,\"grid_column_align\":true,\"grid_row_align\":true,\"link_fullwidth\":false},\"children\":[{\"type\":\"gallery_item\",\"props\":{\"image\":\"wp-content\\\/uploads\\\/2023\\\/08\\\/fjall-post-02.jpg\"}},{\"type\":\"gallery_item\",\"props\":{\"image\":\"wp-content\\\/uploads\\\/2023\\\/08\\\/fjall-post-03.jpg\"}}]},{\"type\":\"headline\",\"props\":{\"title_element\":\"h1\",\"title_style\":\"h3\",\"title_color\":\"primary\",\"content\":\"<b>Spartan Trail World Championship<\\\/b>\"}},{\"type\":\"text\",\"props\":{\"margin\":\"small\",\"column_breakpoint\":\"m\",\"content\":\"\n\n<p><span style=\\\"font-weight: 400;\\\">The <\\\/span><a href=\\\"https:\\\/\\\/www.spartantrail.com\\\/world-championship-2023\\\/\\\"><b>Spartan Trail World Championship<\\\/b><\\\/a><span style=\\\"font-weight: 400;\\\"> (STWC)is a global championship with multiple stops around the world. Each race in the World Championship has multiple distances, with two selected to score in the final STWC Ranking in their respective categories.<\\\/span><\\\/p>\\n\n\n<p><\\\/p>\\n\n\n<p><span style=\\\"font-weight: 400;\\\">The <\\\/span><b>STWC<\\\/b><span style=\\\"font-weight: 400;\\\"> features two simultaneous championships, each with a corresponding distance and events; an <\\\/span><b>ULTRA championship<\\\/b><span style=\\\"font-weight: 400;\\\"> (distances of 50 kilometers or more) and a <\\\/span><b>TRAIL championship<\\\/b><span style=\\\"font-weight: 400;\\\"> (distances up to 49 kilometers).<\\\/span><\\\/p>\\n\n\n<p><b>The 2023 season started in February with the successful Transgrancanaria<\\\/b><span style=\\\"font-weight: 400;\\\">, followed by the highly popular <\\\/span><b>Patagonia Run in the Southern Cone<\\\/b><span style=\\\"font-weight: 400;\\\">, and continued with <\\\/span><b>Maxi-Race Annecy<\\\/b><span style=\\\"font-weight: 400;\\\"> in the heart of the <\\\/span><b>Alps<\\\/b><span style=\\\"font-weight: 400;\\\">. It also recently took place in the lush tropical rainforest of <\\\/span><b>Brisbane Trail Ultra<\\\/b><span style=\\\"font-weight: 400;\\\">.<\\\/span><\\\/p>\\n\n\n<p><span style=\\\"font-weight: 400;\\\">Now, in the heart of European summer, the <\\\/span><b>Spartan Trail World Championship<\\\/b><span style=\\\"font-weight: 400;\\\"> moves to Sweden, a land with a rich history closely tied to nature. <\\\/span><a href=\\\"https:\\\/\\\/www.spartantrail.com\\\/es\\\/fjallmaraton\\\/\\\"><b>Kia Fj\\u00e4llmaraton \\u00c5refj\\u00e4llen<\\\/b><\\\/a><span style=\\\"font-weight: 400;\\\">, Sweden's most prestigious mountain race, offers the chance to be part of <\\\/span><b>STWC 2023<\\\/b><span style=\\\"font-weight: 400;\\\"> with the <\\\/span><a href=\\\"https:\\\/\\\/fjallmaraton.se\\\/fjallmaratonveckan\\\/fjallmaraton\\\/\\\"><b>Kia Fj\\u00e4llmaraton 45K<\\\/b><\\\/a><span style=\\\"font-weight: 400;\\\">for the <\\\/span><b>TRAIL<\\\/b><span style=\\\"font-weight: 400;\\\"> category and the <\\\/span><a href=\\\"https:\\\/\\\/fjallmaraton.se\\\/fjallmaratonveckan\\\/fjallmaraton-100k\\\/\\\"><b>100k<\\\/b><\\\/a> <span style=\\\"font-weight: 400;\\\">for the <\\\/span><b>ULTRA<\\\/b><span style=\\\"font-weight: 400;\\\"> category.<\\\/span><\\\/p>\\n\n\n<p><b>The 2023 season will have 9 events worldwide<\\\/b><span style=\\\"font-weight: 400;\\\">, offering points for the final ranking of the Championship. Each event will have a valid distance for the <\\\/span><b>ULTRA <\\\/b><span style=\\\"font-weight: 400;\\\">championship and another for the<\\\/span> <span style=\\\"font-weight: 400;\\\">TRAIL championship. The events included are <\\\/span><b>Transgrancanaria<\\\/b><span style=\\\"font-weight: 400;\\\">, <\\\/span><b>Patagonia Run<\\\/b><span style=\\\"font-weight: 400;\\\">, <\\\/span><b>Maxi-Race Annecy<\\\/b><span style=\\\"font-weight: 400;\\\">, <\\\/span><b>Brisbane Trail Ultra<\\\/b><span style=\\\"font-weight: 400;\\\">,<\\\/span><b> Fj\\u00e4llmaraton<\\\/b><span style=\\\"font-weight: 400;\\\">, <\\\/span><b>Salomon Ultra Pirineu<\\\/b><span style=\\\"font-weight: 400;\\\">, <\\\/span><b>Borneo Trail Classic<\\\/b><span style=\\\"font-weight: 400;\\\">, <\\\/span><b>Shinshiro Trail Classic<\\\/b><span style=\\\"font-weight: 400;\\\"> and <\\\/span><b>Golden Gate Trail Classic<\\\/b><span style=\\\"font-weight: 400;\\\">.<\\\/span><\\\/p>\\n\n\n<p><span style=\\\"font-weight: 400;\\\">The <\\\/span><b>STWC will have cash prizes for the overall rankings<\\\/b><span style=\\\"font-weight: 400;\\\"> in both the male and female categories.<\\\/span><\\\/p>\"}}]},{\"type\":\"column\",\"props\":{\"image_position\":\"center-center\",\"media_overlay_gradient\":\"\",\"width_medium\":\"1-3\",\"position_sticky_breakpoint\":\"m\"},\"children\":[{\"type\":\"headline\",\"props\":{\"title_element\":\"h2\",\"content\":\"LATEST ARTICLES\",\"title_style\":\"h5\",\"title_decoration\":\"bullet\",\"css\":\".el-element::before {\\nborder-left-color: #81c9c0;\\n}\",\"status\":\"\",\"visibility\":\"m\"}},{\"type\":\"list\",\"props\":{\"show_image\":true,\"show_link\":true,\"list_element\":\"ul\",\"column_breakpoint\":\"m\",\"image_svg_color\":\"emphasis\",\"image_align\":\"left\",\"image_vertical_align\":true,\"list_marker\":\"\",\"list_style\":\"divider\",\"list_size\":\"\",\"link_style\":\"muted\",\"list_marker_color\":\"\",\"list_type\":\"vertical\",\"list_horizontal_separator\":\", \",\"status\":\"\",\"visibility\":\"m\"},\"children\":[{\"type\":\"list_item\",\"source\":{\"query\":{\"name\":\"posts.customPosts\",\"arguments\":{\"terms\":[],\"category_operator\":\"IN\",\"post_tag_operator\":\"IN\",\"users\":[],\"users_operator\":\"IN\",\"offset\":0,\"limit\":1,\"order\":\"date\",\"order_direction\":\"DESC\"}},\"props\":{\"content\":{\"filters\":{\"search\":\"\"},\"name\":\"title\"},\"link\":{\"filters\":{\"search\":\"\"},\"name\":\"link\"}}}},{\"type\":\"list_item\",\"source\":{\"query\":{\"name\":\"posts.customPosts\",\"arguments\":{\"terms\":[],\"category_operator\":\"IN\",\"post_tag_operator\":\"IN\",\"users\":[],\"users_operator\":\"IN\",\"offset\":1,\"limit\":1,\"order\":\"date\",\"order_direction\":\"DESC\"}},\"props\":{\"content\":{\"filters\":{\"search\":\"\"},\"name\":\"title\"},\"link\":{\"filters\":{\"search\":\"\"},\"name\":\"author.link\"}}}},{\"type\":\"list_item\",\"source\":{\"query\":{\"name\":\"posts.customPosts\",\"arguments\":{\"terms\":[],\"category_operator\":\"IN\",\"post_tag_operator\":\"IN\",\"users\":[],\"users_operator\":\"IN\",\"offset\":2,\"limit\":1,\"order\":\"date\",\"order_direction\":\"DESC\"}},\"props\":{\"content\":{\"filters\":{\"search\":\"\"},\"name\":\"title\"},\"link\":{\"filters\":{\"search\":\"\"},\"name\":\"link\"}}}},{\"type\":\"list_item\",\"source\":{\"query\":{\"name\":\"posts.customPosts\",\"arguments\":{\"terms\":[],\"category_operator\":\"IN\",\"post_tag_operator\":\"IN\",\"users\":[],\"users_operator\":\"IN\",\"offset\":3,\"limit\":1,\"order\":\"date\",\"order_direction\":\"DESC\"}},\"props\":{\"content\":{\"filters\":{\"search\":\"\"},\"name\":\"title\"},\"link\":{\"filters\":{\"search\":\"\"},\"name\":\"author.link\"}}}}]},{\"type\":\"headline\",\"props\":{\"title_element\":\"h2\",\"content\":\"LATEST PRESS RELEASES\",\"title_style\":\"h5\",\"title_decoration\":\"bullet\",\"status\":\"\",\"css\":\".el-element::before {\\nborder-left-color: #81c9c0;\\n}\",\"visibility\":\"m\"}},{\"type\":\"list\",\"props\":{\"show_image\":true,\"show_link\":true,\"list_element\":\"ul\",\"column_breakpoint\":\"m\",\"image_svg_color\":\"emphasis\",\"image_align\":\"left\",\"image_vertical_align\":true,\"list_marker\":\"\",\"list_style\":\"divider\",\"list_size\":\"\",\"link_style\":\"muted\",\"list_marker_color\":\"\",\"list_type\":\"vertical\",\"list_horizontal_separator\":\", \",\"status\":\"\",\"visibility\":\"m\"},\"children\":[{\"type\":\"list_item\",\"source\":{\"query\":{\"name\":\"posts.customPosts\",\"arguments\":{\"terms\":[19],\"category_operator\":\"IN\",\"post_tag_operator\":\"IN\",\"users\":[],\"users_operator\":\"IN\",\"offset\":0,\"limit\":1,\"order\":\"date\",\"order_direction\":\"DESC\"}},\"props\":{\"content\":{\"filters\":{\"search\":\"\"},\"name\":\"title\"},\"link\":{\"filters\":{\"search\":\"\"},\"name\":\"link\"}}}},{\"type\":\"list_item\",\"source\":{\"query\":{\"name\":\"posts.customPosts\",\"arguments\":{\"terms\":[19],\"category_operator\":\"IN\",\"post_tag_operator\":\"IN\",\"users\":[],\"users_operator\":\"IN\",\"offset\":1,\"limit\":1,\"order\":\"date\",\"order_direction\":\"DESC\"}},\"props\":{\"content\":{\"filters\":{\"search\":\"\"},\"name\":\"title\"},\"link\":{\"filters\":{\"search\":\"\"},\"name\":\"author.link\"}}}},{\"type\":\"list_item\",\"source\":{\"query\":{\"name\":\"posts.customPosts\",\"arguments\":{\"terms\":[19],\"category_operator\":\"IN\",\"post_tag_operator\":\"IN\",\"users\":[],\"users_operator\":\"IN\",\"offset\":2,\"limit\":1,\"order\":\"date\",\"order_direction\":\"DESC\"}},\"props\":{\"content\":{\"filters\":{\"search\":\"\"},\"name\":\"title\"},\"link\":{\"filters\":{\"search\":\"\"},\"name\":\"link\"}}}},{\"type\":\"list_item\",\"source\":{\"query\":{\"name\":\"posts.customPosts\",\"arguments\":{\"terms\":[19],\"category_operator\":\"IN\",\"post_tag_operator\":\"IN\",\"users\":[],\"users_operator\":\"IN\",\"offset\":3,\"limit\":1,\"order\":\"date\",\"order_direction\":\"DESC\"}},\"props\":{\"content\":{\"filters\":{\"search\":\"\"},\"name\":\"title\"},\"link\":{\"filters\":{\"search\":\"\"},\"name\":\"author.link\"}}}}]},{\"type\":\"headline\",\"props\":{\"title_element\":\"h2\",\"content\":\"JOIN OUR STRAVA CLUB!\",\"title_style\":\"h5\",\"title_decoration\":\"bullet\",\"status\":\"\",\"css\":\".el-element::before {\\nborder-left-color: #81c9c0;\\n}\",\"visibility\":\"m\"}},{\"type\":\"html\",\"props\":{\"content\":\"\n\n<div class=\\\"uk-visible@m\\\"><iframe allowtransparency frameborder='0' height='454' scrolling='no' src='https:\\\/\\\/www.strava.com\\\/clubs\\\/594160\\\/latest-rides\\\/89ecdc84d12e0d87403c049c9ebd0d5bc1eb0b69?show_rides=true' width='300'><\\\/iframe><\\\/div>\"}}]}]}],\"name\":\"Post\"},{\"type\":\"section\",\"props\":{\"style\":\"primary\",\"width\":\"default\",\"vertical_align\":\"middle\",\"title_position\":\"top-left\",\"title_rotation\":\"left\",\"title_breakpoint\":\"xl\",\"image_position\":\"top-center\",\"image\":\"wp-content\\\/uploads\\\/stories-background.jpg\",\"image_size\":\"cover\",\"image_width\":\"2560\",\"media_overlay\":\"rgba(255, 255, 255, 0.9)\",\"padding\":\"large\",\"overlap\":true},\"children\":[{\"type\":\"row\",\"children\":[{\"type\":\"column\",\"props\":{\"image_position\":\"center-center\",\"media_overlay_gradient\":\"\",\"position_sticky_breakpoint\":\"m\"},\"children\":[{\"type\":\"headline\",\"props\":{\"title_element\":\"h3\",\"content\":\"Follow us on Social\",\"title_style\":\"h5\",\"text_align\":\"center\"}},{\"type\":\"divider\",\"props\":{\"divider_element\":\"div\",\"divider_style\":\"\",\"divider_align\":\"center\"}},{\"type\":\"social\",\"props\":{\"link_style\":\"button\",\"margin\":\"default\",\"text_align\":\"center\",\"text_align_breakpoint\":\"s\",\"text_align_fallback\":\"center\",\"class\":\"\",\"gap\":\"\",\"grid\":\"horizontal\",\"grid_gap\":\"small\",\"link_target\":true,\"icon_width\":\"30\"},\"children\":[{\"type\":\"social_item\",\"props\":{\"link\":\"https:\\\/\\\/sprtn.ar\\\/ig\",\"icon\":\"instagram\"}},{\"type\":\"social_item\",\"props\":{\"link\":\"https:\\\/\\\/sprtn.ar\\\/fb\",\"icon\":\"facebook\"}},{\"type\":\"social_item\",\"props\":{\"link\":\"https:\\\/\\\/sprtn.ar\\\/tw\",\"icon\":\"twitter\"}},{\"type\":\"social_item\",\"props\":{\"link\":\"https:\\\/\\\/sprtn.ar\\\/yt\",\"icon\":\"youtube\"}}],\"name\":\"[ELEMENT] ST Social Icons\"}]}]}],\"name\":\"Socials\"}],\"version\":\"2.7.26\"} --><\/p>\n","protected":false},"excerpt":{"rendered":"<p>The competitive calendar of the Spartan Trail World Championship (STWC), in its fifth stop, is moving to \u00c5re, in the central region of Sweden. The charming mountain village with just over 12,000 inhabitants is the home of Kia Fj\u00e4llmaraton, which vibrates with its natural beauty, its traditional architecture and its vast history being the land [&hellip;]<\/p>\n","protected":false},"author":1,"featured_media":1914,"comment_status":"closed","ping_status":"closed","sticky":false,"template":"","format":"standard","meta":{"_acf_changed":false,"footnotes":""},"categories":[58,52,19,18],"tags":[48,59,22,23],"class_list":["post-1920","post","type-post","status-publish","format-standard","has-post-thumbnail","hentry","category-fjallmaraton","category-news","category-press-releases","category-stwc","tag-48","tag-fjallmaraton","tag-spartan-trail-world-championship","tag-stwc"],"acf":[],"yoast_head":"<!-- This site is optimized with the Yoast SEO plugin v27.4 - https:\/\/yoast.com\/product\/yoast-seo-wordpress\/ -->\n<title>Fj\u00e4llmaraton 100k, the fifth stop of the Spartan Trail World Championship in the heart of the Swedish fjords - Spartan Trail<\/title>\n<meta name=\"robots\" content=\"index, follow, max-snippet:-1, max-image-preview:large, max-video-preview:-1\" \/>\n<link rel=\"canonical\" href=\"https:\/\/www.spartantrail.com\/es\/fjallmaraton\/fjallmaraton-100k-the-fifth-stop-of-the-spartan-trail-world-championship-in-the-heart-of-the-swedish-fjords\/\" \/>\n<meta property=\"og:locale\" content=\"es_ES\" \/>\n<meta property=\"og:type\" content=\"article\" \/>\n<meta property=\"og:title\" content=\"Fj\u00e4llmaraton 100k, the fifth stop of the Spartan Trail World Championship in the heart of the Swedish fjords - Spartan Trail\" \/>\n<meta property=\"og:description\" content=\"The competitive calendar of the Spartan Trail World Championship (STWC), in its fifth stop, is moving to \u00c5re, in the central region of Sweden. The charming mountain village with just over 12,000 inhabitants is the home of Kia Fj\u00e4llmaraton, which vibrates with its natural beauty, its traditional architecture and its vast history being the land [&hellip;]\" \/>\n<meta property=\"og:url\" content=\"https:\/\/www.spartantrail.com\/es\/fjallmaraton\/fjallmaraton-100k-the-fifth-stop-of-the-spartan-trail-world-championship-in-the-heart-of-the-swedish-fjords\/\" \/>\n<meta property=\"og:site_name\" content=\"Spartan Trail\" \/>\n<meta property=\"article:publisher\" content=\"https:\/\/www.facebook.com\/spartantrailofficial\/\" \/>\n<meta property=\"article:published_time\" content=\"2023-08-02T12:07:27+00:00\" \/>\n<meta property=\"og:image\" content=\"https:\/\/www.spartantrail.com\/wp-content\/uploads\/2023\/08\/fjall-post-01.jpg\" \/>\n\t<meta property=\"og:image:width\" content=\"1920\" \/>\n\t<meta property=\"og:image:height\" content=\"1080\" \/>\n\t<meta property=\"og:image:type\" content=\"image\/jpeg\" \/>\n<meta name=\"author\" content=\"Spartan Trail\" \/>\n<meta name=\"twitter:card\" content=\"summary_large_image\" \/>\n<meta name=\"twitter:creator\" content=\"@spartantrail\" \/>\n<meta name=\"twitter:site\" content=\"@spartantrail\" \/>\n<meta name=\"twitter:label1\" content=\"Escrito por\" \/>\n\t<meta name=\"twitter:data1\" content=\"Spartan Trail\" \/>\n\t<meta name=\"twitter:label2\" content=\"Tiempo de lectura\" \/>\n\t<meta name=\"twitter:data2\" content=\"5 minutos\" \/>\n<script type=\"application\/ld+json\" class=\"yoast-schema-graph\">{\"@context\":\"https:\\\/\\\/schema.org\",\"@graph\":[{\"@type\":\"Article\",\"@id\":\"https:\\\/\\\/www.spartantrail.com\\\/fjallmaraton\\\/fjallmaraton-100k-the-fifth-stop-of-the-spartan-trail-world-championship-in-the-heart-of-the-swedish-fjords\\\/#article\",\"isPartOf\":{\"@id\":\"https:\\\/\\\/www.spartantrail.com\\\/fjallmaraton\\\/fjallmaraton-100k-the-fifth-stop-of-the-spartan-trail-world-championship-in-the-heart-of-the-swedish-fjords\\\/\"},\"author\":{\"name\":\"Spartan Trail\",\"@id\":\"https:\\\/\\\/www.spartantrail.com\\\/#\\\/schema\\\/person\\\/f1c6f8b71ebff7b484986a7bd2e3147a\"},\"headline\":\"Fj\u00e4llmaraton 100k, the fifth stop of the Spartan Trail World Championship in the heart of the Swedish fjords\",\"datePublished\":\"2023-08-02T12:07:27+00:00\",\"mainEntityOfPage\":{\"@id\":\"https:\\\/\\\/www.spartantrail.com\\\/fjallmaraton\\\/fjallmaraton-100k-the-fifth-stop-of-the-spartan-trail-world-championship-in-the-heart-of-the-swedish-fjords\\\/\"},\"wordCount\":956,\"image\":{\"@id\":\"https:\\\/\\\/www.spartantrail.com\\\/fjallmaraton\\\/fjallmaraton-100k-the-fifth-stop-of-the-spartan-trail-world-championship-in-the-heart-of-the-swedish-fjords\\\/#primaryimage\"},\"thumbnailUrl\":\"https:\\\/\\\/www.spartantrail.com\\\/wp-content\\\/uploads\\\/2023\\\/08\\\/fjall-post-01.jpg\",\"keywords\":[\"2023\",\"Fj\u00e4llmaraton\",\"Spartan Trail World Championship\",\"STWC\"],\"articleSection\":[\"Fj\u00e4llmaraton\",\"News\",\"Press Releases\",\"STWC\"],\"inLanguage\":\"es\"},{\"@type\":\"WebPage\",\"@id\":\"https:\\\/\\\/www.spartantrail.com\\\/fjallmaraton\\\/fjallmaraton-100k-the-fifth-stop-of-the-spartan-trail-world-championship-in-the-heart-of-the-swedish-fjords\\\/\",\"url\":\"https:\\\/\\\/www.spartantrail.com\\\/fjallmaraton\\\/fjallmaraton-100k-the-fifth-stop-of-the-spartan-trail-world-championship-in-the-heart-of-the-swedish-fjords\\\/\",\"name\":\"Fj\u00e4llmaraton 100k, the fifth stop of the Spartan Trail World Championship in the heart of the Swedish fjords - Spartan Trail\",\"isPartOf\":{\"@id\":\"https:\\\/\\\/www.spartantrail.com\\\/#website\"},\"primaryImageOfPage\":{\"@id\":\"https:\\\/\\\/www.spartantrail.com\\\/fjallmaraton\\\/fjallmaraton-100k-the-fifth-stop-of-the-spartan-trail-world-championship-in-the-heart-of-the-swedish-fjords\\\/#primaryimage\"},\"image\":{\"@id\":\"https:\\\/\\\/www.spartantrail.com\\\/fjallmaraton\\\/fjallmaraton-100k-the-fifth-stop-of-the-spartan-trail-world-championship-in-the-heart-of-the-swedish-fjords\\\/#primaryimage\"},\"thumbnailUrl\":\"https:\\\/\\\/www.spartantrail.com\\\/wp-content\\\/uploads\\\/2023\\\/08\\\/fjall-post-01.jpg\",\"datePublished\":\"2023-08-02T12:07:27+00:00\",\"author\":{\"@id\":\"https:\\\/\\\/www.spartantrail.com\\\/#\\\/schema\\\/person\\\/f1c6f8b71ebff7b484986a7bd2e3147a\"},\"breadcrumb\":{\"@id\":\"https:\\\/\\\/www.spartantrail.com\\\/fjallmaraton\\\/fjallmaraton-100k-the-fifth-stop-of-the-spartan-trail-world-championship-in-the-heart-of-the-swedish-fjords\\\/#breadcrumb\"},\"inLanguage\":\"es\",\"potentialAction\":[{\"@type\":\"ReadAction\",\"target\":[\"https:\\\/\\\/www.spartantrail.com\\\/fjallmaraton\\\/fjallmaraton-100k-the-fifth-stop-of-the-spartan-trail-world-championship-in-the-heart-of-the-swedish-fjords\\\/\"]}]},{\"@type\":\"ImageObject\",\"inLanguage\":\"es\",\"@id\":\"https:\\\/\\\/www.spartantrail.com\\\/fjallmaraton\\\/fjallmaraton-100k-the-fifth-stop-of-the-spartan-trail-world-championship-in-the-heart-of-the-swedish-fjords\\\/#primaryimage\",\"url\":\"https:\\\/\\\/www.spartantrail.com\\\/wp-content\\\/uploads\\\/2023\\\/08\\\/fjall-post-01.jpg\",\"contentUrl\":\"https:\\\/\\\/www.spartantrail.com\\\/wp-content\\\/uploads\\\/2023\\\/08\\\/fjall-post-01.jpg\",\"width\":1920,\"height\":1080},{\"@type\":\"BreadcrumbList\",\"@id\":\"https:\\\/\\\/www.spartantrail.com\\\/fjallmaraton\\\/fjallmaraton-100k-the-fifth-stop-of-the-spartan-trail-world-championship-in-the-heart-of-the-swedish-fjords\\\/#breadcrumb\",\"itemListElement\":[{\"@type\":\"ListItem\",\"position\":1,\"name\":\"Home\",\"item\":\"https:\\\/\\\/www.spartantrail.com\\\/\"},{\"@type\":\"ListItem\",\"position\":2,\"name\":\"Fj\u00e4llmaraton 100k, the fifth stop of the Spartan Trail World Championship in the heart of the Swedish fjords\"}]},{\"@type\":\"WebSite\",\"@id\":\"https:\\\/\\\/www.spartantrail.com\\\/#website\",\"url\":\"https:\\\/\\\/www.spartantrail.com\\\/\",\"name\":\"Spartan Trail\",\"description\":\"\",\"potentialAction\":[{\"@type\":\"SearchAction\",\"target\":{\"@type\":\"EntryPoint\",\"urlTemplate\":\"https:\\\/\\\/www.spartantrail.com\\\/?s={search_term_string}\"},\"query-input\":{\"@type\":\"PropertyValueSpecification\",\"valueRequired\":true,\"valueName\":\"search_term_string\"}}],\"inLanguage\":\"es\"},{\"@type\":\"Person\",\"@id\":\"https:\\\/\\\/www.spartantrail.com\\\/#\\\/schema\\\/person\\\/f1c6f8b71ebff7b484986a7bd2e3147a\",\"name\":\"Spartan Trail\",\"image\":{\"@type\":\"ImageObject\",\"inLanguage\":\"es\",\"@id\":\"https:\\\/\\\/secure.gravatar.com\\\/avatar\\\/4e288ec8640a6c423492be0407d14ad8b1ae4ac457be8282a6d9bf65d1603333?s=96&d=mm&r=g\",\"url\":\"https:\\\/\\\/secure.gravatar.com\\\/avatar\\\/4e288ec8640a6c423492be0407d14ad8b1ae4ac457be8282a6d9bf65d1603333?s=96&d=mm&r=g\",\"contentUrl\":\"https:\\\/\\\/secure.gravatar.com\\\/avatar\\\/4e288ec8640a6c423492be0407d14ad8b1ae4ac457be8282a6d9bf65d1603333?s=96&d=mm&r=g\",\"caption\":\"Spartan Trail\"},\"sameAs\":[\"https:\\\/\\\/www.spartantrail.com\"],\"url\":\"https:\\\/\\\/www.spartantrail.com\\\/es\\\/author\\\/spartantrail\\\/\"}]}<\/script>\n<!-- \/ Yoast SEO plugin. -->","yoast_head_json":{"title":"Fj\u00e4llmaraton 100k, the fifth stop of the Spartan Trail World Championship in the heart of the Swedish fjords - Spartan Trail","robots":{"index":"index","follow":"follow","max-snippet":"max-snippet:-1","max-image-preview":"max-image-preview:large","max-video-preview":"max-video-preview:-1"},"canonical":"https:\/\/www.spartantrail.com\/es\/fjallmaraton\/fjallmaraton-100k-the-fifth-stop-of-the-spartan-trail-world-championship-in-the-heart-of-the-swedish-fjords\/","og_locale":"es_ES","og_type":"article","og_title":"Fj\u00e4llmaraton 100k, the fifth stop of the Spartan Trail World Championship in the heart of the Swedish fjords - Spartan Trail","og_description":"The competitive calendar of the Spartan Trail World Championship (STWC), in its fifth stop, is moving to \u00c5re, in the central region of Sweden. The charming mountain village with just over 12,000 inhabitants is the home of Kia Fj\u00e4llmaraton, which vibrates with its natural beauty, its traditional architecture and its vast history being the land [&hellip;]","og_url":"https:\/\/www.spartantrail.com\/es\/fjallmaraton\/fjallmaraton-100k-the-fifth-stop-of-the-spartan-trail-world-championship-in-the-heart-of-the-swedish-fjords\/","og_site_name":"Spartan Trail","article_publisher":"https:\/\/www.facebook.com\/spartantrailofficial\/","article_published_time":"2023-08-02T12:07:27+00:00","og_image":[{"width":1920,"height":1080,"url":"https:\/\/www.spartantrail.com\/wp-content\/uploads\/2023\/08\/fjall-post-01.jpg","type":"image\/jpeg"}],"author":"Spartan Trail","twitter_card":"summary_large_image","twitter_creator":"@spartantrail","twitter_site":"@spartantrail","twitter_misc":{"Escrito por":"Spartan Trail","Tiempo de lectura":"5 minutos"},"schema":{"@context":"https:\/\/schema.org","@graph":[{"@type":"Article","@id":"https:\/\/www.spartantrail.com\/fjallmaraton\/fjallmaraton-100k-the-fifth-stop-of-the-spartan-trail-world-championship-in-the-heart-of-the-swedish-fjords\/#article","isPartOf":{"@id":"https:\/\/www.spartantrail.com\/fjallmaraton\/fjallmaraton-100k-the-fifth-stop-of-the-spartan-trail-world-championship-in-the-heart-of-the-swedish-fjords\/"},"author":{"name":"Spartan Trail","@id":"https:\/\/www.spartantrail.com\/#\/schema\/person\/f1c6f8b71ebff7b484986a7bd2e3147a"},"headline":"Fj\u00e4llmaraton 100k, the fifth stop of the Spartan Trail World Championship in the heart of the Swedish fjords","datePublished":"2023-08-02T12:07:27+00:00","mainEntityOfPage":{"@id":"https:\/\/www.spartantrail.com\/fjallmaraton\/fjallmaraton-100k-the-fifth-stop-of-the-spartan-trail-world-championship-in-the-heart-of-the-swedish-fjords\/"},"wordCount":956,"image":{"@id":"https:\/\/www.spartantrail.com\/fjallmaraton\/fjallmaraton-100k-the-fifth-stop-of-the-spartan-trail-world-championship-in-the-heart-of-the-swedish-fjords\/#primaryimage"},"thumbnailUrl":"https:\/\/www.spartantrail.com\/wp-content\/uploads\/2023\/08\/fjall-post-01.jpg","keywords":["2023","Fj\u00e4llmaraton","Spartan Trail World Championship","STWC"],"articleSection":["Fj\u00e4llmaraton","News","Press Releases","STWC"],"inLanguage":"es"},{"@type":"WebPage","@id":"https:\/\/www.spartantrail.com\/fjallmaraton\/fjallmaraton-100k-the-fifth-stop-of-the-spartan-trail-world-championship-in-the-heart-of-the-swedish-fjords\/","url":"https:\/\/www.spartantrail.com\/fjallmaraton\/fjallmaraton-100k-the-fifth-stop-of-the-spartan-trail-world-championship-in-the-heart-of-the-swedish-fjords\/","name":"Fj\u00e4llmaraton 100k, the fifth stop of the Spartan Trail World Championship in the heart of the Swedish fjords - Spartan Trail","isPartOf":{"@id":"https:\/\/www.spartantrail.com\/#website"},"primaryImageOfPage":{"@id":"https:\/\/www.spartantrail.com\/fjallmaraton\/fjallmaraton-100k-the-fifth-stop-of-the-spartan-trail-world-championship-in-the-heart-of-the-swedish-fjords\/#primaryimage"},"image":{"@id":"https:\/\/www.spartantrail.com\/fjallmaraton\/fjallmaraton-100k-the-fifth-stop-of-the-spartan-trail-world-championship-in-the-heart-of-the-swedish-fjords\/#primaryimage"},"thumbnailUrl":"https:\/\/www.spartantrail.com\/wp-content\/uploads\/2023\/08\/fjall-post-01.jpg","datePublished":"2023-08-02T12:07:27+00:00","author":{"@id":"https:\/\/www.spartantrail.com\/#\/schema\/person\/f1c6f8b71ebff7b484986a7bd2e3147a"},"breadcrumb":{"@id":"https:\/\/www.spartantrail.com\/fjallmaraton\/fjallmaraton-100k-the-fifth-stop-of-the-spartan-trail-world-championship-in-the-heart-of-the-swedish-fjords\/#breadcrumb"},"inLanguage":"es","potentialAction":[{"@type":"ReadAction","target":["https:\/\/www.spartantrail.com\/fjallmaraton\/fjallmaraton-100k-the-fifth-stop-of-the-spartan-trail-world-championship-in-the-heart-of-the-swedish-fjords\/"]}]},{"@type":"ImageObject","inLanguage":"es","@id":"https:\/\/www.spartantrail.com\/fjallmaraton\/fjallmaraton-100k-the-fifth-stop-of-the-spartan-trail-world-championship-in-the-heart-of-the-swedish-fjords\/#primaryimage","url":"https:\/\/www.spartantrail.com\/wp-content\/uploads\/2023\/08\/fjall-post-01.jpg","contentUrl":"https:\/\/www.spartantrail.com\/wp-content\/uploads\/2023\/08\/fjall-post-01.jpg","width":1920,"height":1080},{"@type":"BreadcrumbList","@id":"https:\/\/www.spartantrail.com\/fjallmaraton\/fjallmaraton-100k-the-fifth-stop-of-the-spartan-trail-world-championship-in-the-heart-of-the-swedish-fjords\/#breadcrumb","itemListElement":[{"@type":"ListItem","position":1,"name":"Home","item":"https:\/\/www.spartantrail.com\/"},{"@type":"ListItem","position":2,"name":"Fj\u00e4llmaraton 100k, the fifth stop of the Spartan Trail World Championship in the heart of the Swedish fjords"}]},{"@type":"WebSite","@id":"https:\/\/www.spartantrail.com\/#website","url":"https:\/\/www.spartantrail.com\/","name":"Spartan Trail","description":"","potentialAction":[{"@type":"SearchAction","target":{"@type":"EntryPoint","urlTemplate":"https:\/\/www.spartantrail.com\/?s={search_term_string}"},"query-input":{"@type":"PropertyValueSpecification","valueRequired":true,"valueName":"search_term_string"}}],"inLanguage":"es"},{"@type":"Person","@id":"https:\/\/www.spartantrail.com\/#\/schema\/person\/f1c6f8b71ebff7b484986a7bd2e3147a","name":"Spartan Trail","image":{"@type":"ImageObject","inLanguage":"es","@id":"https:\/\/secure.gravatar.com\/avatar\/4e288ec8640a6c423492be0407d14ad8b1ae4ac457be8282a6d9bf65d1603333?s=96&d=mm&r=g","url":"https:\/\/secure.gravatar.com\/avatar\/4e288ec8640a6c423492be0407d14ad8b1ae4ac457be8282a6d9bf65d1603333?s=96&d=mm&r=g","contentUrl":"https:\/\/secure.gravatar.com\/avatar\/4e288ec8640a6c423492be0407d14ad8b1ae4ac457be8282a6d9bf65d1603333?s=96&d=mm&r=g","caption":"Spartan Trail"},"sameAs":["https:\/\/www.spartantrail.com"],"url":"https:\/\/www.spartantrail.com\/es\/author\/spartantrail\/"}]}},"_links":{"self":[{"href":"https:\/\/www.spartantrail.com\/es\/wp-json\/wp\/v2\/posts\/1920","targetHints":{"allow":["GET"]}}],"collection":[{"href":"https:\/\/www.spartantrail.com\/es\/wp-json\/wp\/v2\/posts"}],"about":[{"href":"https:\/\/www.spartantrail.com\/es\/wp-json\/wp\/v2\/types\/post"}],"author":[{"embeddable":true,"href":"https:\/\/www.spartantrail.com\/es\/wp-json\/wp\/v2\/users\/1"}],"replies":[{"embeddable":true,"href":"https:\/\/www.spartantrail.com\/es\/wp-json\/wp\/v2\/comments?post=1920"}],"version-history":[{"count":0,"href":"https:\/\/www.spartantrail.com\/es\/wp-json\/wp\/v2\/posts\/1920\/revisions"}],"wp:featuredmedia":[{"embeddable":true,"href":"https:\/\/www.spartantrail.com\/es\/wp-json\/wp\/v2\/media\/1914"}],"wp:attachment":[{"href":"https:\/\/www.spartantrail.com\/es\/wp-json\/wp\/v2\/media?parent=1920"}],"wp:term":[{"taxonomy":"category","embeddable":true,"href":"https:\/\/www.spartantrail.com\/es\/wp-json\/wp\/v2\/categories?post=1920"},{"taxonomy":"post_tag","embeddable":true,"href":"https:\/\/www.spartantrail.com\/es\/wp-json\/wp\/v2\/tags?post=1920"}],"curies":[{"name":"wp","href":"https:\/\/api.w.org\/{rel}","templated":true}]}}